{"id":4292,"date":"2026-06-11T18:45:47","date_gmt":"2026-06-11T18:45:47","guid":{"rendered":"https:\/\/nees.fch.unicen.edu.ar\/?p=4292"},"modified":"2026-06-25T22:56:11","modified_gmt":"2026-06-25T22:56:11","slug":"nuevo-libro-dilemas-de-la-gestion-educativa-y-emergentes-actuales-aproximaciones-teoricas-actores-y-territorios","status":"publish","type":"post","link":"https:\/\/nees.fch.unicen.edu.ar\/index.php\/2026\/06\/11\/nuevo-libro-dilemas-de-la-gestion-educativa-y-emergentes-actuales-aproximaciones-teoricas-actores-y-territorios\/","title":{"rendered":"Nuevo libro: \u00abDilemas de la gesti\u00f3n educativa y emergentes actuales. Aproximaciones te\u00f3ricas, actores y territorios\u00bb"},"content":{"rendered":"<p>El jueves 11 de junio, en el auditorio de la Biblioteca Central del Campus Universitario, se realiz\u00f3 la presentaci\u00f3n del libro\u00a0<em>Dilemas de la gesti\u00f3n educativa y emergentes actuales. Aproximaciones te\u00f3ricas, actores y territorios<\/em>, compilado por las docentes e investigadoras de la Facultad de Ciencias Humanas y del NEES Mar\u00eda Laura Bianchini y Marisa Zelaya, junto con Silvina Sant\u00edn, de la Universidad Nacional de Quilmes.<\/p>\n<p>La actividad fue organizada conjuntamente por la Editorial UNICEN, responsable de la publicaci\u00f3n, y la Facultad de Ciencias Humanas. Participaron de la presentaci\u00f3n las tres compiladoras y la profesora Luc\u00eda Garc\u00eda, investigadora honoraria del N\u00facleo de Estudios Educacionales y Sociales (NEES).<\/p>\n<p>La apertura estuvo a cargo de Gerardo Tassara, responsable de la Editorial UNICEN, quien destac\u00f3 la incorporaci\u00f3n de una nueva obra al cat\u00e1logo de la editorial, subrayando el crecimiento y la consolidaci\u00f3n de un proyecto que contribuye a la difusi\u00f3n de la producci\u00f3n acad\u00e9mica de la universidad.<\/p>\n<p>A continuaci\u00f3n, Marisa Zelaya agradeci\u00f3 a las instituciones y personas que hicieron posible tanto la publicaci\u00f3n como su presentaci\u00f3n: la Editorial UNICEN, la Facultad de Ciencias Humanas, el NEES y las y los autores que participaron de la obra. Asimismo, se\u00f1al\u00f3 que el libro es resultado de un proceso de trabajo colectivo desarrollado en el marco de una RED que nuclea espacios curriculares de Pol\u00edtica, Administraci\u00f3n y Gesti\u00f3n de la Educaci\u00f3n de universidades p\u00fablicas argentinas, constituida a partir de intercambios acad\u00e9micos sostenidos a lo largo del tiempo.<\/p>\n<p>Posteriormente, Luc\u00eda Garc\u00eda ofreci\u00f3 comentarios sobre la obra, destacando su aporte al campo de estudios de la pol\u00edtica, la administraci\u00f3n y la gesti\u00f3n educativa. En su intervenci\u00f3n, recuper\u00f3 los procesos de revitalizaci\u00f3n de este campo a partir del retorno de la democracia y resalt\u00f3 la importancia de los di\u00e1logos acad\u00e9micos que posibilitaron su crecimiento sostenido. En ese marco, valor\u00f3 la conformaci\u00f3n de la red que da origen a la publicaci\u00f3n y subray\u00f3 la calidad de los trabajos reunidos, la diversidad de enfoques y la riqueza de los intercambios que se establecen entre investigaciones finalizadas y en desarrollo.<\/p>\n<p>En el tramo final de la actividad, las compiladoras propusieron una din\u00e1mica de intercambio con el p\u00fablico presente a partir de una serie de met\u00e1foras que atraviesan la obra y permiten pensar los dilemas de la gesti\u00f3n educativa: la llave, el ovillo, el puente, la br\u00fajula, el mapa y el espejo. Las reflexiones compartidas por las y los asistentes posibilitaron recuperar algunos de los principales aportes y problem\u00e1ticas abordados en los distintos cap\u00edtulos.<\/p>\n<p>Para cerrar el encuentro, Marisa Zelaya repas\u00f3 el recorrido que condujo a la concreci\u00f3n de la publicaci\u00f3n, se\u00f1alando que sus antecedentes se remontan al contexto de la pandemia, cuando una serie de webinars promovi\u00f3 el intercambio entre colegas del \u00e1rea y contribuy\u00f3 a la constituci\u00f3n y formalizaci\u00f3n de una red acad\u00e9mica que contin\u00faa creciendo y consolid\u00e1ndose. Finalmente, se presentaron los cap\u00edtulos que integran la obra y se reconoci\u00f3 el trabajo de sus autoras y autores.<\/p>\n<p>Desde el NEES felicitamos a las compiladoras y a quienes participaron de esta publicaci\u00f3n colectiva, que constituye un valioso aporte para los estudios sobre pol\u00edtica, administraci\u00f3n y gesti\u00f3n educativa. La obra expresa la importancia de las redes acad\u00e9micas interinstitucionales para la producci\u00f3n de conocimiento y da cuenta de la vigencia de un campo de investigaci\u00f3n comprometido con la comprensi\u00f3n de los desaf\u00edos contempor\u00e1neos de la educaci\u00f3n. El libro se encuentra disponible en el cat\u00e1logo de la Editorial UNICEN.<\/p>\n<p>&nbsp;<\/p>\n<p style=\"text-align: center;\"><img fetchpriority=\"high\" decoding=\"async\" class=\"alignnone size-medium wp-image-4293\" src=\"https:\/\/nees.fch.unicen.edu.ar\/wp-content\/uploads\/2026\/06\/20260611_155226-224x300.jpg\" alt=\"\" width=\"224\" height=\"300\" srcset=\"https:\/\/nees.fch.unicen.edu.ar\/wp-content\/uploads\/2026\/06\/20260611_155226-224x300.jpg 224w, https:\/\/nees.fch.unicen.edu.ar\/wp-content\/uploads\/2026\/06\/20260611_155226-764x1024.jpg 764w, https:\/\/nees.fch.unicen.edu.ar\/wp-content\/uploads\/2026\/06\/20260611_155226-768x1029.jpg 768w, https:\/\/nees.fch.unicen.edu.ar\/wp-content\/uploads\/2026\/06\/20260611_155226.jpg 1126w\" sizes=\"(max-width: 224px) 100vw, 224px\" \/> <img decoding=\"async\" class=\"alignnone size-medium wp-image-4294\" src=\"https:\/\/nees.fch.unicen.edu.ar\/wp-content\/uploads\/2026\/06\/20260611_155446-300x171.jpg\" alt=\"\" width=\"300\" height=\"171\" srcset=\"https:\/\/nees.fch.unicen.edu.ar\/wp-content\/uploads\/2026\/06\/20260611_155446-300x171.jpg 300w, https:\/\/nees.fch.unicen.edu.ar\/wp-content\/uploads\/2026\/06\/20260611_155446-1024x583.jpg 1024w, https:\/\/nees.fch.unicen.edu.ar\/wp-content\/uploads\/2026\/06\/20260611_155446-768x437.jpg 768w, https:\/\/nees.fch.unicen.edu.ar\/wp-content\/uploads\/2026\/06\/20260611_155446-1536x875.jpg 1536w, https:\/\/nees.fch.unicen.edu.ar\/wp-content\/uploads\/2026\/06\/20260611_155446.jpg 1923w\" sizes=\"(max-width: 300px) 100vw, 300px\" \/> <img decoding=\"async\" class=\"alignnone size-medium wp-image-4295\" src=\"https:\/\/nees.fch.unicen.edu.ar\/wp-content\/uploads\/2026\/06\/20260611_164121_HDR-300x143.jpg\" alt=\"\" width=\"300\" height=\"143\" srcset=\"https:\/\/nees.fch.unicen.edu.ar\/wp-content\/uploads\/2026\/06\/20260611_164121_HDR-300x143.jpg 300w, https:\/\/nees.fch.unicen.edu.ar\/wp-content\/uploads\/2026\/06\/20260611_164121_HDR-1024x488.jpg 1024w, https:\/\/nees.fch.unicen.edu.ar\/wp-content\/uploads\/2026\/06\/20260611_164121_HDR-768x366.jpg 768w, https:\/\/nees.fch.unicen.edu.ar\/wp-content\/uploads\/2026\/06\/20260611_164121_HDR-1536x731.jpg 1536w, https:\/\/nees.fch.unicen.edu.ar\/wp-content\/uploads\/2026\/06\/20260611_164121_HDR.jpg 1632w\" sizes=\"(max-width: 300px) 100vw, 300px\" \/><\/p>\n","protected":false},"excerpt":{"rendered":"<p>El jueves 11 de junio, en el auditorio de la Biblioteca Central del Campus Universitario, se realiz\u00f3 la presentaci\u00f3n del [&hellip;]<\/p>\n","protected":false},"author":1,"featured_media":4294,"comment_status":"open","ping_status":"open","sticky":false,"template":"","format":"standard","meta":{"site-sidebar-layout":"default","site-content-layout":"","ast-site-content-layout":"default","site-content-style":"default","site-sidebar-style":"default","ast-global-header-display":"","ast-banner-title-visibility":"","ast-main-header-display":"","ast-hfb-above-header-display":"","ast-hfb-below-header-display":"","ast-hfb-mobile-header-display":"","site-post-title":"","ast-breadcrumbs-content":"","ast-featured-img":"","footer-sml-layout":"","ast-disable-related-posts":"","theme-transparent-header-meta":"default","adv-header-id-meta":"","stick-header-meta":"","header-above-stick-meta":"","header-main-stick-meta":"","header-below-stick-meta":"","astra-migrate-meta-layouts":"set","ast-page-background-enabled":"default","ast-page-background-meta":{"desktop":{"background-color":"var(--ast-global-color-5)","background-image":"","background-repeat":"repeat","background-position":"center center","background-size":"auto","background-attachment":"scroll","background-type":"","background-media":"","overlay-type":"","overlay-color":"","overlay-opacity":"","overlay-gradient":""},"tablet":{"background-color":"","background-image":"","background-repeat":"repeat","background-position":"center center","background-size":"auto","background-attachment":"scroll","background-type":"","background-media":"","overlay-type":"","overlay-color":"","overlay-opacity":"","overlay-gradient":""},"mobile":{"background-color":"","background-image":"","background-repeat":"repeat","background-position":"center center","background-size":"auto","background-attachment":"scroll","background-type":"","background-media":"","overlay-type":"","overlay-color":"","overlay-opacity":"","overlay-gradient":""}},"ast-content-background-meta":{"desktop":{"background-color":"var(--ast-global-color-4)","background-image":"","background-repeat":"repeat","background-position":"center center","background-size":"auto","background-attachment":"scroll","background-type":"","background-media":"","overlay-type":"","overlay-color":"","overlay-opacity":"","overlay-gradient":""},"tablet":{"background-color":"var(--ast-global-color-4)","background-image":"","background-repeat":"repeat","background-position":"center center","background-size":"auto","background-attachment":"scroll","background-type":"","background-media":"","overlay-type":"","overlay-color":"","overlay-opacity":"","overlay-gradient":""},"mobile":{"background-color":"var(--ast-global-color-4)","background-image":"","background-repeat":"repeat","background-position":"center center","background-size":"auto","background-attachment":"scroll","background-type":"","background-media":"","overlay-type":"","overlay-color":"","overlay-opacity":"","overlay-gradient":""}},"footnotes":""},"categories":[7,8,15],"tags":[],"class_list":["post-4292","post","type-post","status-publish","format-standard","has-post-thumbnail","hentry","category-actividad","category-publicaciones-de-integrantes","category-publicaciones"],"_links":{"self":[{"href":"https:\/\/nees.fch.unicen.edu.ar\/index.php\/wp-json\/wp\/v2\/posts\/4292","targetHints":{"allow":["GET"]}}],"collection":[{"href":"https:\/\/nees.fch.unicen.edu.ar\/index.php\/wp-json\/wp\/v2\/posts"}],"about":[{"href":"https:\/\/nees.fch.unicen.edu.ar\/index.php\/wp-json\/wp\/v2\/types\/post"}],"author":[{"embeddable":true,"href":"https:\/\/nees.fch.unicen.edu.ar\/index.php\/wp-json\/wp\/v2\/users\/1"}],"replies":[{"embeddable":true,"href":"https:\/\/nees.fch.unicen.edu.ar\/index.php\/wp-json\/wp\/v2\/comments?post=4292"}],"version-history":[{"count":1,"href":"https:\/\/nees.fch.unicen.edu.ar\/index.php\/wp-json\/wp\/v2\/posts\/4292\/revisions"}],"predecessor-version":[{"id":4296,"href":"https:\/\/nees.fch.unicen.edu.ar\/index.php\/wp-json\/wp\/v2\/posts\/4292\/revisions\/4296"}],"wp:featuredmedia":[{"embeddable":true,"href":"https:\/\/nees.fch.unicen.edu.ar\/index.php\/wp-json\/wp\/v2\/media\/4294"}],"wp:attachment":[{"href":"https:\/\/nees.fch.unicen.edu.ar\/index.php\/wp-json\/wp\/v2\/media?parent=4292"}],"wp:term":[{"taxonomy":"category","embeddable":true,"href":"https:\/\/nees.fch.unicen.edu.ar\/index.php\/wp-json\/wp\/v2\/categories?post=4292"},{"taxonomy":"post_tag","embeddable":true,"href":"https:\/\/nees.fch.unicen.edu.ar\/index.php\/wp-json\/wp\/v2\/tags?post=4292"}],"curies":[{"name":"wp","href":"https:\/\/api.w.org\/{rel}","templated":true}]}}